{"id":1230,"date":"2024-01-29T14:25:40","date_gmt":"2024-01-29T14:25:40","guid":{"rendered":"https:\/\/road2freedom.eu\/?p=1230"},"modified":"2024-01-30T09:01:07","modified_gmt":"2024-01-30T09:01:07","slug":"afstada-perspective-association-advocating-prisoners-and-ex-prisoners-iceland","status":"publish","type":"post","link":"https:\/\/road2freedom.eu\/de\/afstada-perspective-association-advocating-prisoners-and-ex-prisoners-iceland\/","title":{"rendered":"Afsta\u00f0a (Perspektive) Verein zur Unterst\u00fctzung von Menschen in Haft und Menschen nach der Haftentlassung\nIsland"},"content":{"rendered":"<div data-elementor-type=\"wp-post\" data-elementor-id=\"1230\" class=\"elementor elementor-1230\" data-elementor-settings=\"{&quot;ha_cmc_init_switcher&quot;:&quot;no&quot;}\" data-elementor-post-type=\"post\">\n\t\t\t\t\t\t<section class=\"elementor-section elementor-top-section elementor-element elementor-element-ee8b54e elementor-section-boxed elementor-section-height-default elementor-section-height-default\" data-id=\"ee8b54e\" data-element_type=\"section\" data-e-type=\"section\" data-settings=\"{&quot;_ha_eqh_enable&quot;:false}\">\n\t\t\t\t\t\t<div class=\"elementor-container elementor-column-gap-default\">\n\t\t\t\t\t<div class=\"elementor-column elementor-col-100 elementor-top-column elementor-element elementor-element-cb72bd8\" data-id=\"cb72bd8\" data-element_type=\"column\" data-e-type=\"column\">\n\t\t\t<div class=\"elementor-widget-wrap elementor-element-populated\">\n\t\t\t\t\t\t<div class=\"elementor-element elementor-element-af5a134 elementor-widget elementor-widget-spacer\" data-id=\"af5a134\" data-element_type=\"widget\" data-e-type=\"widget\" data-widget_type=\"spacer.default\">\n\t\t\t\t<div class=\"elementor-widget-container\">\n\t\t\t\t\t\t\t<div class=\"elementor-spacer\">\n\t\t\t<div class=\"elementor-spacer-inner\"><\/div>\n\t\t<\/div>\n\t\t\t\t\t\t<\/div>\n\t\t\t\t<\/div>\n\t\t\t\t<div class=\"elementor-element elementor-element-ae1d0e9 elementor-widget elementor-widget-heading\" data-id=\"ae1d0e9\" data-element_type=\"widget\" data-e-type=\"widget\" data-widget_type=\"heading.default\">\n\t\t\t\t<div class=\"elementor-widget-container\">\n\t\t\t\t\t<h2 class=\"elementor-heading-title elementor-size-default\">Afsta\u00f0a (Perspektive) Verein zur Unterst\u00fctzung von Menschen in Haft und Menschen nach der Haftentlassung \n\n<\/h2>\t\t\t\t<\/div>\n\t\t\t\t<\/div>\n\t\t\t\t\t<\/div>\n\t\t<\/div>\n\t\t\t\t\t<\/div>\n\t\t<\/section>\n\t\t\t\t<section class=\"elementor-section elementor-top-section elementor-element elementor-element-a0dd900 elementor-section-boxed elementor-section-height-default elementor-section-height-default\" data-id=\"a0dd900\" data-element_type=\"section\" data-e-type=\"section\" data-settings=\"{&quot;_ha_eqh_enable&quot;:false}\">\n\t\t\t\t\t\t<div class=\"elementor-container elementor-column-gap-default\">\n\t\t\t\t\t<div class=\"elementor-column elementor-col-100 elementor-top-column elementor-element elementor-element-3d7e095\" data-id=\"3d7e095\" data-element_type=\"column\" data-e-type=\"column\">\n\t\t\t<div class=\"elementor-widget-wrap elementor-element-populated\">\n\t\t\t\t\t\t<div class=\"elementor-element elementor-element-5ee42b1 elementor-widget-divider--view-line elementor-widget elementor-widget-divider\" data-id=\"5ee42b1\" data-element_type=\"widget\" data-e-type=\"widget\" data-widget_type=\"divider.default\">\n\t\t\t\t<div class=\"elementor-widget-container\">\n\t\t\t\t\t\t\t<div class=\"elementor-divider\">\n\t\t\t<span class=\"elementor-divider-separator\">\n\t\t\t\t\t\t<\/span>\n\t\t<\/div>\n\t\t\t\t\t\t<\/div>\n\t\t\t\t<\/div>\n\t\t\t\t<div class=\"elementor-element elementor-element-5d79f88 elementor-widget elementor-widget-heading\" data-id=\"5d79f88\" data-element_type=\"widget\" data-e-type=\"widget\" data-widget_type=\"heading.default\">\n\t\t\t\t<div class=\"elementor-widget-container\">\n\t\t\t\t\t<h3 class=\"elementor-heading-title elementor-size-default\">\u00dcberblick<\/h3>\t\t\t\t<\/div>\n\t\t\t\t<\/div>\n\t\t\t\t<div class=\"elementor-element elementor-element-24aaa46 elementor-widget elementor-widget-text-editor\" data-id=\"24aaa46\" data-element_type=\"widget\" data-e-type=\"widget\" data-widget_type=\"text-editor.default\">\n\t\t\t\t<div class=\"elementor-widget-container\">\n\t\t\t\t\t\t\t\t\t<p>Das Hauptziel des Vereins ist die F\u00f6rderung von M\u00f6glichkeiten f\u00fcr Strafgefangene, wobei der Schwerpunkt auf Rehabilitation liegt, mit dem Ziel, g\u00fcnstige Bedingungen f\u00fcr eine erfolgreiche Wiedereingliederung in die Gesellschaft zu schaffen. Die Organisation erkennt die Bed\u00fcrfnisse der Angeh\u00f6rigen, Familien, Freund:innen und aller Personen an, die von ihren Beziehungen zu den Gefangenen betroffen sind, und geht auf deren Bed\u00fcrfnisse ein. Afsta\u00f0a ermutigt alle inhaftierten Personen aktiv zu positiven und bereichernden Handlungen, die darauf abzielen, ihre Hoffnung und konkreten Ziele w\u00e4hrend und nach der Inhaftierung aufrechtzuerhalten. Der Verein setzt sich daf\u00fcr ein, die Bildung zu f\u00f6rdern und den Menschen in Haft so weit wie m\u00f6glich zu helfen. Dar\u00fcber hinaus beabsichtigt der Verein, verschiedene Interessengruppen und die breite \u00d6ffentlichkeit \u00fcber Gef\u00e4ngnisse zu informieren und aufzukl\u00e4ren, die Ursachen der Inhaftierung zu erforschen und deren Folgen zu untersuchen.<\/p>\t\t\t\t\t\t\t\t<\/div>\n\t\t\t\t<\/div>\n\t\t\t\t<div class=\"elementor-element elementor-element-c26e985 elementor-widget elementor-widget-heading\" data-id=\"c26e985\" data-element_type=\"widget\" data-e-type=\"widget\" data-widget_type=\"heading.default\">\n\t\t\t\t<div class=\"elementor-widget-container\">\n\t\t\t\t\t<h3 class=\"elementor-heading-title elementor-size-default\">Lernziele<\/h3>\t\t\t\t<\/div>\n\t\t\t\t<\/div>\n\t\t\t\t<div class=\"elementor-element elementor-element-eb47123 elementor-widget elementor-widget-text-editor\" data-id=\"eb47123\" data-element_type=\"widget\" data-e-type=\"widget\" data-widget_type=\"text-editor.default\">\n\t\t\t\t<div class=\"elementor-widget-container\">\n\t\t\t\t\t\t\t\t\t<ul><li>Umfassende Information aktueller und ehemaliger Insass:innen \u00fcber verf\u00fcgbare Unterst\u00fctzungssysteme und Ressourcen.<\/li><li>Eintreten f\u00fcr den offenen Vollzug, insbesondere f\u00fcr Erstt\u00e4ter:innen mit Strafen von weniger als 6 Jahren. Ziel ist es, sie vor dem potenziell harten Gef\u00e4ngnisumfeld zu sch\u00fctzen, das oft zu kriminellem Verhalten beitr\u00e4gt, anstatt die Rehabilitation zu f\u00f6rdern.<\/li><li>Mehr M\u00f6glichkeiten f\u00fcr Menschen in Haft, sich w\u00e4hrend ihrer Inhaftierung au\u00dferhalb des Gef\u00e4ngnisses weiterzubilden.<\/li><li>Gew\u00e4hrung des Zugangs von Haftentlassene zu einem\/einer Sozialarbeiter:in, um die Rehabilitation und eine erfolgreiche Wiedereingliederung in die Gesellschaft zu erleichtern.<\/li><li>F\u00f6rderung der famili\u00e4ren Bindungen w\u00e4hrend der Inhaftierung durch die Organisation von Wochenendbesuchen und die Schaffung eines positiven Umfelds f\u00fcr famili\u00e4re Kontakte.<\/li><li>Behandlung verschiedener Themen, einschlie\u00dflich elektronischer \u00dcberwachung und Bew\u00e4hrung, um zu einem umfassenderen und wirksameren Ansatz f\u00fcr Rehabilitation und Wiedereingliederung beizutragen.<\/li><\/ul>\t\t\t\t\t\t\t\t<\/div>\n\t\t\t\t<\/div>\n\t\t\t\t<div class=\"elementor-element elementor-element-edc37a6 elementor-widget elementor-widget-heading\" data-id=\"edc37a6\" data-element_type=\"widget\" data-e-type=\"widget\" data-widget_type=\"heading.default\">\n\t\t\t\t<div class=\"elementor-widget-container\">\n\t\t\t\t\t<h3 class=\"elementor-heading-title elementor-size-default\">Die Quelle<\/h3>\t\t\t\t<\/div>\n\t\t\t\t<\/div>\n\t\t\t\t\t<\/div>\n\t\t<\/div>\n\t\t\t\t\t<\/div>\n\t\t<\/section>\n\t\t\t\t<section class=\"elementor-section elementor-top-section elementor-element elementor-element-e0c5eda elementor-section-boxed elementor-section-height-default elementor-section-height-default\" data-id=\"e0c5eda\" data-element_type=\"section\" data-e-type=\"section\" data-settings=\"{&quot;_ha_eqh_enable&quot;:false}\">\n\t\t\t\t\t\t<div class=\"elementor-container elementor-column-gap-default\">\n\t\t\t\t\t<div class=\"elementor-column elementor-col-100 elementor-top-column elementor-element elementor-element-fdf8170\" data-id=\"fdf8170\" data-element_type=\"column\" data-e-type=\"column\">\n\t\t\t<div class=\"elementor-widget-wrap elementor-element-populated\">\n\t\t\t\t\t\t<div class=\"elementor-element elementor-element-eb6d772 elementor-widget elementor-widget-image\" data-id=\"eb6d772\" data-element_type=\"widget\" data-e-type=\"widget\" data-widget_type=\"image.default\">\n\t\t\t\t<div class=\"elementor-widget-container\">\n\t\t\t\t\t\t\t\t\t\t\t\t\t\t\t\t<a href=\"https:\/\/www.afstada.is\/\">\n\t\t\t\t\t\t\t<img fetchpriority=\"high\" decoding=\"async\" width=\"1024\" height=\"669\" src=\"https:\/\/road2freedom.eu\/wp-content\/uploads\/2024\/01\/\u03a3\u03c4\u03b9\u03b3\u03bc\u03b9\u03cc\u03c4\u03c5\u03c0\u03bf-\u03bf\u03b8\u03cc\u03bd\u03b7\u03c2-32-1024x669.jpg\" class=\"attachment-large size-large wp-image-1231\" alt=\"\" srcset=\"https:\/\/road2freedom.eu\/wp-content\/uploads\/2024\/01\/\u03a3\u03c4\u03b9\u03b3\u03bc\u03b9\u03cc\u03c4\u03c5\u03c0\u03bf-\u03bf\u03b8\u03cc\u03bd\u03b7\u03c2-32-1024x669.jpg 1024w, https:\/\/road2freedom.eu\/wp-content\/uploads\/2024\/01\/\u03a3\u03c4\u03b9\u03b3\u03bc\u03b9\u03cc\u03c4\u03c5\u03c0\u03bf-\u03bf\u03b8\u03cc\u03bd\u03b7\u03c2-32-300x196.jpg 300w, https:\/\/road2freedom.eu\/wp-content\/uploads\/2024\/01\/\u03a3\u03c4\u03b9\u03b3\u03bc\u03b9\u03cc\u03c4\u03c5\u03c0\u03bf-\u03bf\u03b8\u03cc\u03bd\u03b7\u03c2-32-768x502.jpg 768w, https:\/\/road2freedom.eu\/wp-content\/uploads\/2024\/01\/\u03a3\u03c4\u03b9\u03b3\u03bc\u03b9\u03cc\u03c4\u03c5\u03c0\u03bf-\u03bf\u03b8\u03cc\u03bd\u03b7\u03c2-32-18x12.jpg 18w, https:\/\/road2freedom.eu\/wp-content\/uploads\/2024\/01\/\u03a3\u03c4\u03b9\u03b3\u03bc\u03b9\u03cc\u03c4\u03c5\u03c0\u03bf-\u03bf\u03b8\u03cc\u03bd\u03b7\u03c2-32.jpg 1348w\" sizes=\"(max-width: 1024px) 100vw, 1024px\" \/>\t\t\t\t\t\t\t\t<\/a>\n\t\t\t\t\t\t\t\t\t\t\t\t\t\t\t<\/div>\n\t\t\t\t<\/div>\n\t\t\t\t<div class=\"elementor-element elementor-element-f3bf149 elementor-widget elementor-widget-heading\" data-id=\"f3bf149\" data-element_type=\"widget\" data-e-type=\"widget\" data-widget_type=\"heading.default\">\n\t\t\t\t<div class=\"elementor-widget-container\">\n\t\t\t\t\t<h3 class=\"elementor-heading-title elementor-size-default\">Estimated Duration:<\/h3>\t\t\t\t<\/div>\n\t\t\t\t<\/div>\n\t\t\t\t<div data-ha-element-link=\"{&quot;url&quot;:&quot;https:\\\/\\\/prisonerlearningalliance.org.uk\\\/wp-content\\\/uploads\\\/2020\\\/03\\\/In-cell-activity-hub-update-2021.pdf&quot;,&quot;is_external&quot;:&quot;&quot;,&quot;nofollow&quot;:&quot;&quot;}\" style=\"cursor: pointer\" class=\"elementor-element elementor-element-5284da6 elementor-widget elementor-widget-text-editor\" data-id=\"5284da6\" data-element_type=\"widget\" data-e-type=\"widget\" data-widget_type=\"text-editor.default\">\n\t\t\t\t<div class=\"elementor-widget-container\">\n\t\t\t\t\t\t\t\t\t<p class=\"MsoNormal\" style=\"line-height: 14.0pt; mso-line-height-rule: exactly;\">N\/A<\/p>\t\t\t\t\t\t\t\t<\/div>\n\t\t\t\t<\/div>\n\t\t\t\t<div class=\"elementor-element elementor-element-baedd4e elementor-widget elementor-widget-heading\" data-id=\"baedd4e\" data-element_type=\"widget\" data-e-type=\"widget\" data-widget_type=\"heading.default\">\n\t\t\t\t<div class=\"elementor-widget-container\">\n\t\t\t\t\t<h3 class=\"elementor-heading-title elementor-size-default\">Additional Resources<\/h3>\t\t\t\t<\/div>\n\t\t\t\t<\/div>\n\t\t\t\t<div data-ha-element-link=\"{&quot;url&quot;:&quot;https:\\\/\\\/prisonerlearningalliance.org.uk\\\/wp-content\\\/uploads\\\/2020\\\/03\\\/In-cell-activity-hub-update-2021.pdf&quot;,&quot;is_external&quot;:&quot;&quot;,&quot;nofollow&quot;:&quot;&quot;}\" style=\"cursor: pointer\" class=\"elementor-element elementor-element-4b5cfa1 elementor-widget elementor-widget-text-editor\" data-id=\"4b5cfa1\" data-element_type=\"widget\" data-e-type=\"widget\" data-widget_type=\"text-editor.default\">\n\t\t\t\t<div class=\"elementor-widget-container\">\n\t\t\t\t\t\t\t\t\t<p>Objectives in Icelandic <a href=\"https:\/\/www.afstada.is\/um-felagid.html\">https:\/\/www.afstada.is\/um-felagid.html<\/a><\/p>\t\t\t\t\t\t\t\t<\/div>\n\t\t\t\t<\/div>\n\t\t\t\t<div class=\"elementor-element elementor-element-d84f537 elementor-widget elementor-widget-heading\" data-id=\"d84f537\" data-element_type=\"widget\" data-e-type=\"widget\" data-widget_type=\"heading.default\">\n\t\t\t\t<div class=\"elementor-widget-container\">\n\t\t\t\t\t<h3 class=\"elementor-heading-title elementor-size-default\">Autor:innen und Referenzen<\/h3>\t\t\t\t<\/div>\n\t\t\t\t<\/div>\n\t\t\t\t<div data-ha-element-link=\"{&quot;url&quot;:&quot;https:\\\/\\\/prisonerlearningalliance.org.uk\\\/wp-content\\\/uploads\\\/2020\\\/03\\\/In-cell-activity-hub-update-2021.pdf&quot;,&quot;is_external&quot;:&quot;&quot;,&quot;nofollow&quot;:&quot;&quot;}\" style=\"cursor: pointer\" class=\"elementor-element elementor-element-8bc032e elementor-widget elementor-widget-text-editor\" data-id=\"8bc032e\" data-element_type=\"widget\" data-e-type=\"widget\" data-widget_type=\"text-editor.default\">\n\t\t\t\t<div class=\"elementor-widget-container\">\n\t\t\t\t\t\t\t\t\t<p>Afsta\u00f0a<\/p>\t\t\t\t\t\t\t\t<\/div>\n\t\t\t\t<\/div>\n\t\t\t\t\t<\/div>\n\t\t<\/div>\n\t\t\t\t\t<\/div>\n\t\t<\/section>\n\t\t<div class=\"elementor-element elementor-element-cbdecbc e-flex e-con-boxed e-con e-parent\" data-id=\"cbdecbc\" data-element_type=\"container\" data-e-type=\"container\" data-settings=\"{&quot;_ha_eqh_enable&quot;:false}\">\n\t\t\t\t\t<div class=\"e-con-inner\">\n\t\t\t\t<div class=\"elementor-element elementor-element-3e8ee8f elementor-widget elementor-widget-spacer\" data-id=\"3e8ee8f\" data-element_type=\"widget\" data-e-type=\"widget\" data-widget_type=\"spacer.default\">\n\t\t\t\t<div class=\"elementor-widget-container\">\n\t\t\t\t\t\t\t<div class=\"elementor-spacer\">\n\t\t\t<div class=\"elementor-spacer-inner\"><\/div>\n\t\t<\/div>\n\t\t\t\t\t\t<\/div>\n\t\t\t\t<\/div>\n\t\t\t\t\t<\/div>\n\t\t\t\t<\/div>\n\t\t\t\t<\/div>","protected":false},"excerpt":{"rendered":"<p>Afsta\u00f0a (Perspective) association advocating prisoners and ex prisoners Iceland Overview: The primary objective of the association is to foster opportunities for prisoners, emphasising responsibility and rehabilitation, with the ultimate aim of creating conducive conditions for a successful reintegration into society. The organisation recognizes and addresses the needs of prisoners&#8217; relatives, families, friends, and anyone affected [&hellip;]<\/p>\n","protected":false},"author":1,"featured_media":1231,"comment_status":"closed","ping_status":"closed","sticky":false,"template":"elementor_header_footer","format":"standard","meta":{"site-sidebar-layout":"default","site-content-layout":"","ast-site-content-layout":"default","site-content-style":"default","site-sidebar-style":"default","ast-global-header-display":"","ast-banner-title-visibility":"","ast-main-header-display":"","ast-hfb-above-header-display":"","ast-hfb-below-header-display":"","ast-hfb-mobile-header-display":"","site-post-title":"","ast-breadcrumbs-content":"","ast-featured-img":"","footer-sml-layout":"","ast-disable-related-posts":"","theme-transparent-header-meta":"","adv-header-id-meta":"","stick-header-meta":"","header-above-stick-meta":"","header-main-stick-meta":"","header-below-stick-meta":"","astra-migrate-meta-layouts":"set","ast-page-background-enabled":"default","ast-page-background-meta":{"desktop":{"background-color":"","background-image":"","background-repeat":"repeat","background-position":"center center","background-size":"auto","background-attachment":"scroll","background-type":"","background-media":"","overlay-type":"","overlay-color":"","overlay-opacity":"","overlay-gradient":""},"tablet":{"background-color":"","background-image":"","background-repeat":"repeat","background-position":"center center","background-size":"auto","background-attachment":"scroll","background-type":"","background-media":"","overlay-type":"","overlay-color":"","overlay-opacity":"","overlay-gradient":""},"mobile":{"background-color":"","background-image":"","background-repeat":"repeat","background-position":"center center","background-size":"auto","background-attachment":"scroll","background-type":"","background-media":"","overlay-type":"","overlay-color":"","overlay-opacity":"","overlay-gradient":""}},"ast-content-background-meta":{"desktop":{"background-color":"var(--ast-global-color-5)","background-image":"","background-repeat":"repeat","background-position":"center center","background-size":"auto","background-attachment":"scroll","background-type":"","background-media":"","overlay-type":"","overlay-color":"","overlay-opacity":"","overlay-gradient":""},"tablet":{"background-color":"var(--ast-global-color-5)","background-image":"","background-repeat":"repeat","background-position":"center center","background-size":"auto","background-attachment":"scroll","background-type":"","background-media":"","overlay-type":"","overlay-color":"","overlay-opacity":"","overlay-gradient":""},"mobile":{"background-color":"var(--ast-global-color-5)","background-image":"","background-repeat":"repeat","background-position":"center center","background-size":"auto","background-attachment":"scroll","background-type":"","background-media":"","overlay-type":"","overlay-color":"","overlay-opacity":"","overlay-gradient":""}},"footnotes":""},"categories":[19,18,12,10],"tags":[],"class_list":["post-1230","post","type-post","status-publish","format-standard","has-post-thumbnail","hentry","category-ex-prisoners","category-prisoners","category-resettlement","category-resources"],"jetpack_featured_media_url":"https:\/\/road2freedom.eu\/wp-content\/uploads\/2024\/01\/\u03a3\u03c4\u03b9\u03b3\u03bc\u03b9\u03cc\u03c4\u03c5\u03c0\u03bf-\u03bf\u03b8\u03cc\u03bd\u03b7\u03c2-32.jpg","_links":{"self":[{"href":"https:\/\/road2freedom.eu\/de\/wp-json\/wp\/v2\/posts\/1230","targetHints":{"allow":["GET"]}}],"collection":[{"href":"https:\/\/road2freedom.eu\/de\/wp-json\/wp\/v2\/posts"}],"about":[{"href":"https:\/\/road2freedom.eu\/de\/wp-json\/wp\/v2\/types\/post"}],"author":[{"embeddable":true,"href":"https:\/\/road2freedom.eu\/de\/wp-json\/wp\/v2\/users\/1"}],"replies":[{"embeddable":true,"href":"https:\/\/road2freedom.eu\/de\/wp-json\/wp\/v2\/comments?post=1230"}],"version-history":[{"count":7,"href":"https:\/\/road2freedom.eu\/de\/wp-json\/wp\/v2\/posts\/1230\/revisions"}],"predecessor-version":[{"id":1244,"href":"https:\/\/road2freedom.eu\/de\/wp-json\/wp\/v2\/posts\/1230\/revisions\/1244"}],"wp:featuredmedia":[{"embeddable":true,"href":"https:\/\/road2freedom.eu\/de\/wp-json\/wp\/v2\/media\/1231"}],"wp:attachment":[{"href":"https:\/\/road2freedom.eu\/de\/wp-json\/wp\/v2\/media?parent=1230"}],"wp:term":[{"taxonomy":"category","embeddable":true,"href":"https:\/\/road2freedom.eu\/de\/wp-json\/wp\/v2\/categories?post=1230"},{"taxonomy":"post_tag","embeddable":true,"href":"https:\/\/road2freedom.eu\/de\/wp-json\/wp\/v2\/tags?post=1230"}],"curies":[{"name":"wp","href":"https:\/\/api.w.org\/{rel}","templated":true}]}}